{"id":894,"date":"2025-07-15T07:51:41","date_gmt":"2025-07-15T05:51:41","guid":{"rendered":"https:\/\/www.doqi.fr\/blog\/pourquoi-il-ne-faut-jamais-negliger-la-protection-solaire-meme-a-lombre\/"},"modified":"2025-07-15T07:51:41","modified_gmt":"2025-07-15T05:51:41","slug":"pourquoi-il-ne-faut-jamais-negliger-la-protection-solaire-meme-a-lombre","status":"publish","type":"post","link":"https:\/\/www.doqi.fr\/blog\/pourquoi-il-ne-faut-jamais-negliger-la-protection-solaire-meme-a-lombre\/","title":{"rendered":"Pourquoi il ne faut jamais n\u00e9gliger la protection solaire, m\u00eame \u00e0 l\u2019ombre ?"},"content":{"rendered":"<p>La <strong>protection solaire<\/strong> est souvent per\u00e7ue comme une mesure \u00e0 prendre uniquement lors d&#8217;une <strong>exposition directe au soleil<\/strong>. Cependant, m\u00eame \u00e0 l&#8217;ombre, les <strong>rayons ultraviolets (UV)<\/strong> peuvent causer des <strong>dommages \u00e0 la peau<\/strong>. Comprendre l&#8217;importance de la protection solaire, m\u00eame \u00e0 l&#8217;ombre, est crucial pour pr\u00e9server la <strong>sant\u00e9 de la peau<\/strong>.<\/p>\n<h2>Les rayons UV et leur impact<\/h2>\n<p>Les rayons UV se divisent en deux cat\u00e9gories principales : <strong>UVA<\/strong> et <strong>UVB<\/strong>. Les UVA p\u00e9n\u00e8trent profond\u00e9ment dans la peau et sont responsables du <strong>vieillissement cutan\u00e9<\/strong> et des <strong>rides<\/strong>. Les UVB, quant \u00e0 eux, sont responsables des <strong>coups de soleil<\/strong> et augmentent le risque de <strong>cancer de la peau<\/strong>. M\u00eame \u00e0 l&#8217;ombre, jusqu&#8217;\u00e0 <strong>80 % des rayons UV<\/strong> peuvent atteindre la peau, ce qui rend la protection solaire indispensable.<\/p>\n<h2>Les r\u00e9flexions des rayons UV<\/h2>\n<p>Les surfaces environnantes, comme l&#8217;<strong>eau<\/strong>, le <strong>sable<\/strong> ou m\u00eame le <strong>b\u00e9ton<\/strong>, peuvent r\u00e9fl\u00e9chir les rayons UV. Cette r\u00e9flexion augmente l&#8217;exposition aux UV, m\u00eame lorsque l&#8217;on se trouve \u00e0 l&#8217;abri du soleil. Par exemple :<\/p>\n<ul>\n<li>L&#8217;eau peut r\u00e9fl\u00e9chir jusqu&#8217;\u00e0 <strong>80 % des rayons UV<\/strong>.<\/li>\n<li>Le sable peut r\u00e9fl\u00e9chir environ <strong>15 % des rayons UV<\/strong>.<\/li>\n<li>Les surfaces claires, comme le b\u00e9ton, peuvent \u00e9galement r\u00e9fl\u00e9chir une quantit\u00e9 significative de rayons UV.<\/li>\n<\/ul>\n<h2>Les risques li\u00e9s \u00e0 une exposition prolong\u00e9e<\/h2>\n<p>Une exposition r\u00e9p\u00e9t\u00e9e aux rayons UV, m\u00eame \u00e0 l&#8217;ombre, peut entra\u00eener des <strong>effets cumul\u00e9s<\/strong> sur la peau. Les risques incluent :<\/p>\n<ul>\n<li>Un <strong>vieillissement pr\u00e9matur\u00e9<\/strong> de la peau.<\/li>\n<li>Des <strong>taches brunes<\/strong> et des <strong>irr\u00e9gularit\u00e9s cutan\u00e9es<\/strong>.<\/li>\n<li>Un risque accru de <strong>cancers de la peau<\/strong>, tels que le <strong>m\u00e9lanome<\/strong>.<\/li>\n<\/ul>\n<h2>Mesures de protection recommand\u00e9es<\/h2>\n<p>Pour se prot\u00e9ger efficacement, il est conseill\u00e9 d&#8217;adopter plusieurs pratiques :<\/p>\n<ul>\n<li>Appliquer une <strong>cr\u00e8me solaire<\/strong> \u00e0 large spectre avec un <strong>facteur de protection solaire (FPS)<\/strong> d&#8217;au moins <strong>30<\/strong>.<\/li>\n<li>Renouveler l&#8217;application toutes les <strong>deux heures<\/strong>.<\/li>\n<li>Porter des <strong>v\u00eatements protecteurs<\/strong> et un <strong>chapeau \u00e0 larges bords<\/strong>.<\/li>\n<\/ul>\n<p>Prendre ces mesures permet de r\u00e9duire les risques associ\u00e9s \u00e0 l&#8217;exposition aux rayons UV, m\u00eame \u00e0 l&#8217;ombre. La vigilance face \u00e0 la protection solaire contribue \u00e0 maintenir une <strong>peau saine<\/strong> et prot\u00e9g\u00e9e.<\/p>\n\n\n<div class=\"kk-star-ratings kksr-auto kksr-align-center kksr-valign-bottom\"\n    data-payload='{&quot;align&quot;:&quot;center&quot;,&quot;id&quot;:&quot;894&quot;,&quot;slug&quot;:&quot;default&quot;,&quot;valign&quot;:&quot;bottom&quot;,&quot;ignore&quot;:&quot;&quot;,&quot;reference&quot;:&quot;auto&quot;,&quot;class&quot;:&quot;&quot;,&quot;count&quot;:&quot;0&quot;,&quot;legendonly&quot;:&quot;&quot;,&quot;readonly&quot;:&quot;&quot;,&quot;score&quot;:&quot;0&quot;,&quot;starsonly&quot;:&quot;&quot;,&quot;best&quot;:&quot;5&quot;,&quot;gap&quot;:&quot;5&quot;,&quot;greet&quot;:&quot;Notez la publication&quot;,&quot;legend&quot;:&quot;0\\\/5 - (0 vote)&quot;,&quot;size&quot;:&quot;24&quot;,&quot;title&quot;:&quot;Pourquoi il ne faut jamais n\u00e9gliger la protection solaire, m\u00eame \u00e0 l\u2019ombre ?&quot;,&quot;width&quot;:&quot;0&quot;,&quot;_legend&quot;:&quot;{score}\\\/{best} - ({count} {votes})&quot;,&quot;font_factor&quot;:&quot;1.25&quot;}'>\n            \n<div class=\"kksr-stars\">\n    \n<div class=\"kksr-stars-inactive\">\n            <div class=\"kksr-star\" data-star=\"1\" style=\"padding-right: 5px\">\n            \n\n<div class=\"kksr-icon\" style=\"width: 24px; height: 24px;\"><\/div>\n        <\/div>\n            <div class=\"kksr-star\" data-star=\"2\" style=\"padding-right: 5px\">\n            \n\n<div class=\"kksr-icon\" style=\"width: 24px; height: 24px;\"><\/div>\n        <\/div>\n            <div class=\"kksr-star\" data-star=\"3\" style=\"padding-right: 5px\">\n            \n\n<div class=\"kksr-icon\" style=\"width: 24px; height: 24px;\"><\/div>\n        <\/div>\n            <div class=\"kksr-star\" data-star=\"4\" style=\"padding-right: 5px\">\n            \n\n<div class=\"kksr-icon\" style=\"width: 24px; height: 24px;\"><\/div>\n        <\/div>\n            <div class=\"kksr-star\" data-star=\"5\" style=\"padding-right: 5px\">\n            \n\n<div class=\"kksr-icon\" style=\"width: 24px; height: 24px;\"><\/div>\n        <\/div>\n    <\/div>\n    \n<div class=\"kksr-stars-active\" style=\"width: 0px;\">\n            <div class=\"kksr-star\" style=\"padding-right: 5px\">\n            \n\n<div class=\"kksr-icon\" style=\"width: 24px; height: 24px;\"><\/div>\n        <\/div>\n            <div class=\"kksr-star\" style=\"padding-right: 5px\">\n            \n\n<div class=\"kksr-icon\" style=\"width: 24px; height: 24px;\"><\/div>\n        <\/div>\n            <div class=\"kksr-star\" style=\"padding-right: 5px\">\n            \n\n<div class=\"kksr-icon\" style=\"width: 24px; height: 24px;\"><\/div>\n        <\/div>\n            <div class=\"kksr-star\" style=\"padding-right: 5px\">\n            \n\n<div class=\"kksr-icon\" style=\"width: 24px; height: 24px;\"><\/div>\n        <\/div>\n            <div class=\"kksr-star\" style=\"padding-right: 5px\">\n            \n\n<div class=\"kksr-icon\" style=\"width: 24px; height: 24px;\"><\/div>\n        <\/div>\n    <\/div>\n<\/div>\n                \n\n<div class=\"kksr-legend\" style=\"font-size: 19.2px;\">\n            <span class=\"kksr-muted\">Notez la publication<\/span>\n    <\/div>\n    <\/div>\n","protected":false},"excerpt":{"rendered":"<p>La protection solaire est souvent per\u00e7ue comme une mesure \u00e0 prendre uniquement lors d&#8217;une exposition directe au soleil. Cependant, m\u00eame \u00e0 l&#8217;ombre, les rayons ultraviolets (UV) peuvent causer des dommages &#8230;<\/p>\n","protected":false},"author":1,"featured_media":801,"comment_status":"open","ping_status":"open","sticky":false,"template":"","format":"standard","meta":{"footnotes":""},"categories":[561],"tags":[],"class_list":["post-894","post","type-post","status-publish","format-standard","has-post-thumbnail","hentry","category-prevention-et-immunite"],"aioseo_notices":[],"_links":{"self":[{"href":"https:\/\/www.doqi.fr\/blog\/wp-json\/wp\/v2\/posts\/894","targetHints":{"allow":["GET"]}}],"collection":[{"href":"https:\/\/www.doqi.fr\/blog\/wp-json\/wp\/v2\/posts"}],"about":[{"href":"https:\/\/www.doqi.fr\/blog\/wp-json\/wp\/v2\/types\/post"}],"author":[{"embeddable":true,"href":"https:\/\/www.doqi.fr\/blog\/wp-json\/wp\/v2\/users\/1"}],"replies":[{"embeddable":true,"href":"https:\/\/www.doqi.fr\/blog\/wp-json\/wp\/v2\/comments?post=894"}],"version-history":[{"count":0,"href":"https:\/\/www.doqi.fr\/blog\/wp-json\/wp\/v2\/posts\/894\/revisions"}],"wp:featuredmedia":[{"embeddable":true,"href":"https:\/\/www.doqi.fr\/blog\/wp-json\/wp\/v2\/media\/801"}],"wp:attachment":[{"href":"https:\/\/www.doqi.fr\/blog\/wp-json\/wp\/v2\/media?parent=894"}],"wp:term":[{"taxonomy":"category","embeddable":true,"href":"https:\/\/www.doqi.fr\/blog\/wp-json\/wp\/v2\/categories?post=894"},{"taxonomy":"post_tag","embeddable":true,"href":"https:\/\/www.doqi.fr\/blog\/wp-json\/wp\/v2\/tags?post=894"}],"curies":[{"name":"wp","href":"https:\/\/api.w.org\/{rel}","templated":true}]}}