{"id":746,"date":"2025-05-21T07:50:08","date_gmt":"2025-05-21T05:50:08","guid":{"rendered":"https:\/\/www.doqi.fr\/blog\/pourquoi-il-ne-faut-pas-negliger-la-protection-solaire-des-le-mois-de-mai\/"},"modified":"2025-05-21T07:50:08","modified_gmt":"2025-05-21T05:50:08","slug":"pourquoi-il-ne-faut-pas-negliger-la-protection-solaire-des-le-mois-de-mai","status":"publish","type":"post","link":"https:\/\/www.doqi.fr\/blog\/pourquoi-il-ne-faut-pas-negliger-la-protection-solaire-des-le-mois-de-mai\/","title":{"rendered":"Pourquoi il ne faut pas n\u00e9gliger la protection solaire d\u00e8s le mois de mai ?"},"content":{"rendered":"<p>Avec l&#8217;arriv\u00e9e des <strong>beaux jours<\/strong>, la tentation de profiter du <strong>soleil<\/strong> devient irr\u00e9sistible. Pourtant, la <strong>protection solaire<\/strong> ne doit pas \u00eatre mise de c\u00f4t\u00e9 d\u00e8s le mois de <strong>mai<\/strong>. Les <strong>risques<\/strong> li\u00e9s \u00e0 une exposition prolong\u00e9e aux <strong>rayons UV<\/strong> sont bien r\u00e9els et m\u00e9ritent une attention particuli\u00e8re.<\/p>\n<h2>Les dangers des rayons UV<\/h2>\n<p>Les <strong>rayons ultraviolets (UV)<\/strong> \u00e9mis par le <strong>soleil<\/strong> peuvent causer des <strong>dommages cutan\u00e9s<\/strong> significatifs. Les principaux <strong>risques<\/strong> associ\u00e9s \u00e0 une exposition excessive incluent :<\/p>\n<ul>\n<li>Le <strong>vieillissement pr\u00e9matur\u00e9<\/strong> de la peau<\/li>\n<li>Les <strong>coups de soleil<\/strong><\/li>\n<li>Le d\u00e9veloppement de <strong>cancers de la peau<\/strong><\/li>\n<\/ul>\n<p>\u00c0 partir du mois de <strong>mai<\/strong>, l&#8217;<strong>intensit\u00e9<\/strong> des <strong>rayons UV<\/strong> augmente consid\u00e9rablement, rendant la <strong>protection<\/strong> encore plus cruciale. M\u00eame par temps <strong>nuageux<\/strong>, jusqu&#8217;\u00e0 <strong>80 %<\/strong> des <strong>rayons UV<\/strong> peuvent atteindre la peau.<\/p>\n<h2>Les effets \u00e0 long terme de l&#8217;exposition solaire<\/h2>\n<p>Une exposition r\u00e9p\u00e9t\u00e9e et non prot\u00e9g\u00e9e peut entra\u00eener des <strong>effets durables<\/strong>. Les <strong>taches brunes<\/strong>, les <strong>rides<\/strong> et les <strong>l\u00e9sions cutan\u00e9es<\/strong> sont des signes visibles de <strong>dommages<\/strong> caus\u00e9s par le <strong>soleil<\/strong>. En outre, le <strong>risque<\/strong> de d\u00e9velopper un <strong>m\u00e9lanome<\/strong>, forme la plus grave de <strong>cancer de la peau<\/strong>, augmente avec le temps. Prot\u00e9ger sa peau d\u00e8s le mois de <strong>mai<\/strong> permet de r\u00e9duire ces <strong>risques<\/strong>.<\/p>\n<h2>Comment se prot\u00e9ger efficacement<\/h2>\n<p>Adopter une <strong>routine de protection solaire<\/strong> est primordial. Voici quelques <strong>conseils pratiques<\/strong> :<\/p>\n<ul>\n<li>Appliquer un <strong>\u00e9cran solaire<\/strong> avec un <strong>facteur de protection<\/strong> (FPS) d&#8217;au moins <strong>30<\/strong><\/li>\n<li>Renouveler l&#8217;application toutes les <strong>deux heures<\/strong>, surtout apr\u00e8s avoir nag\u00e9 ou transpir\u00e9<\/li>\n<li>Porter des <strong>v\u00eatements protecteurs<\/strong>, un <strong>chapeau<\/strong> et des <strong>lunettes de soleil<\/strong><\/li>\n<\/ul>\n<p>Une bonne <strong>hydratation<\/strong> et l&#8217;utilisation de <strong>produits apr\u00e8s-soleil<\/strong> peuvent \u00e9galement contribuer \u00e0 maintenir la peau en bonne sant\u00e9.<\/p>\n<p>Prendre soin de sa peau d\u00e8s le mois de <strong>mai<\/strong> est un choix judicieux. Ne pas n\u00e9gliger la <strong>protection solaire<\/strong> permet de savourer le <strong>soleil<\/strong> tout en pr\u00e9servant la <strong>sant\u00e9<\/strong> de la peau pour les <strong>ann\u00e9es<\/strong> \u00e0 venir.<\/p>\n\n\n<div class=\"kk-star-ratings kksr-auto kksr-align-center kksr-valign-bottom\"\n    data-payload='{&quot;align&quot;:&quot;center&quot;,&quot;id&quot;:&quot;746&quot;,&quot;slug&quot;:&quot;default&quot;,&quot;valign&quot;:&quot;bottom&quot;,&quot;ignore&quot;:&quot;&quot;,&quot;reference&quot;:&quot;auto&quot;,&quot;class&quot;:&quot;&quot;,&quot;count&quot;:&quot;0&quot;,&quot;legendonly&quot;:&quot;&quot;,&quot;readonly&quot;:&quot;&quot;,&quot;score&quot;:&quot;0&quot;,&quot;starsonly&quot;:&quot;&quot;,&quot;best&quot;:&quot;5&quot;,&quot;gap&quot;:&quot;5&quot;,&quot;greet&quot;:&quot;Notez la publication&quot;,&quot;legend&quot;:&quot;0\\\/5 - (0 vote)&quot;,&quot;size&quot;:&quot;24&quot;,&quot;title&quot;:&quot;Pourquoi il ne faut pas n\u00e9gliger la protection solaire d\u00e8s le mois de mai ?&quot;,&quot;width&quot;:&quot;0&quot;,&quot;_legend&quot;:&quot;{score}\\\/{best} - ({count} {votes})&quot;,&quot;font_factor&quot;:&quot;1.25&quot;}'>\n            \n<div class=\"kksr-stars\">\n    \n<div class=\"kksr-stars-inactive\">\n            <div class=\"kksr-star\" data-star=\"1\" style=\"padding-right: 5px\">\n            \n\n<div class=\"kksr-icon\" style=\"width: 24px; height: 24px;\"><\/div>\n        <\/div>\n            <div class=\"kksr-star\" data-star=\"2\" style=\"padding-right: 5px\">\n            \n\n<div class=\"kksr-icon\" style=\"width: 24px; height: 24px;\"><\/div>\n        <\/div>\n            <div class=\"kksr-star\" data-star=\"3\" style=\"padding-right: 5px\">\n            \n\n<div class=\"kksr-icon\" style=\"width: 24px; height: 24px;\"><\/div>\n        <\/div>\n            <div class=\"kksr-star\" data-star=\"4\" style=\"padding-right: 5px\">\n            \n\n<div class=\"kksr-icon\" style=\"width: 24px; height: 24px;\"><\/div>\n        <\/div>\n            <div class=\"kksr-star\" data-star=\"5\" style=\"padding-right: 5px\">\n            \n\n<div class=\"kksr-icon\" style=\"width: 24px; height: 24px;\"><\/div>\n        <\/div>\n    <\/div>\n    \n<div class=\"kksr-stars-active\" style=\"width: 0px;\">\n            <div class=\"kksr-star\" style=\"padding-right: 5px\">\n            \n\n<div class=\"kksr-icon\" style=\"width: 24px; height: 24px;\"><\/div>\n        <\/div>\n            <div class=\"kksr-star\" style=\"padding-right: 5px\">\n            \n\n<div class=\"kksr-icon\" style=\"width: 24px; height: 24px;\"><\/div>\n        <\/div>\n            <div class=\"kksr-star\" style=\"padding-right: 5px\">\n            \n\n<div class=\"kksr-icon\" style=\"width: 24px; height: 24px;\"><\/div>\n        <\/div>\n            <div class=\"kksr-star\" style=\"padding-right: 5px\">\n            \n\n<div class=\"kksr-icon\" style=\"width: 24px; height: 24px;\"><\/div>\n        <\/div>\n            <div class=\"kksr-star\" style=\"padding-right: 5px\">\n            \n\n<div class=\"kksr-icon\" style=\"width: 24px; height: 24px;\"><\/div>\n        <\/div>\n    <\/div>\n<\/div>\n                \n\n<div class=\"kksr-legend\" style=\"font-size: 19.2px;\">\n            <span class=\"kksr-muted\">Notez la publication<\/span>\n    <\/div>\n    <\/div>\n","protected":false},"excerpt":{"rendered":"<p>Avec l&#8217;arriv\u00e9e des beaux jours, la tentation de profiter du soleil devient irr\u00e9sistible. Pourtant, la protection solaire ne doit pas \u00eatre mise de c\u00f4t\u00e9 d\u00e8s le mois de mai. Les &#8230;<\/p>\n","protected":false},"author":1,"featured_media":630,"comment_status":"open","ping_status":"open","sticky":false,"template":"","format":"standard","meta":{"footnotes":""},"categories":[561],"tags":[],"class_list":["post-746","post","type-post","status-publish","format-standard","has-post-thumbnail","hentry","category-prevention-et-immunite"],"aioseo_notices":[],"_links":{"self":[{"href":"https:\/\/www.doqi.fr\/blog\/wp-json\/wp\/v2\/posts\/746","targetHints":{"allow":["GET"]}}],"collection":[{"href":"https:\/\/www.doqi.fr\/blog\/wp-json\/wp\/v2\/posts"}],"about":[{"href":"https:\/\/www.doqi.fr\/blog\/wp-json\/wp\/v2\/types\/post"}],"author":[{"embeddable":true,"href":"https:\/\/www.doqi.fr\/blog\/wp-json\/wp\/v2\/users\/1"}],"replies":[{"embeddable":true,"href":"https:\/\/www.doqi.fr\/blog\/wp-json\/wp\/v2\/comments?post=746"}],"version-history":[{"count":0,"href":"https:\/\/www.doqi.fr\/blog\/wp-json\/wp\/v2\/posts\/746\/revisions"}],"wp:featuredmedia":[{"embeddable":true,"href":"https:\/\/www.doqi.fr\/blog\/wp-json\/wp\/v2\/media\/630"}],"wp:attachment":[{"href":"https:\/\/www.doqi.fr\/blog\/wp-json\/wp\/v2\/media?parent=746"}],"wp:term":[{"taxonomy":"category","embeddable":true,"href":"https:\/\/www.doqi.fr\/blog\/wp-json\/wp\/v2\/categories?post=746"},{"taxonomy":"post_tag","embeddable":true,"href":"https:\/\/www.doqi.fr\/blog\/wp-json\/wp\/v2\/tags?post=746"}],"curies":[{"name":"wp","href":"https:\/\/api.w.org\/{rel}","templated":true}]}}