{"id":655,"date":"2025-03-08T07:49:47","date_gmt":"2025-03-08T06:49:47","guid":{"rendered":"https:\/\/www.doqi.fr\/blog\/se-preparer-aux-premiers-rayons-de-soleil-protection-et-prevention-des-risques-uv\/"},"modified":"2025-03-08T07:49:47","modified_gmt":"2025-03-08T06:49:47","slug":"se-preparer-aux-premiers-rayons-de-soleil-protection-et-prevention-des-risques-uv","status":"publish","type":"post","link":"https:\/\/www.doqi.fr\/blog\/se-preparer-aux-premiers-rayons-de-soleil-protection-et-prevention-des-risques-uv\/","title":{"rendered":"Se pr\u00e9parer aux premiers rayons de soleil : protection et pr\u00e9vention des risques UV"},"content":{"rendered":"<p>Avec l&#8217;arriv\u00e9e des premiers rayons de soleil, la n\u00e9cessit\u00e9 de se prot\u00e9ger contre les risques li\u00e9s aux <strong>UV<\/strong> devient primordiale. Les rayons <strong>ultraviolets<\/strong> peuvent avoir des effets n\u00e9fastes sur la <strong>peau<\/strong> et la <strong> sant\u00e9<\/strong> en g\u00e9n\u00e9ral. Voici quelques conseils pour se pr\u00e9parer efficacement \u00e0 cette saison ensoleill\u00e9e.<\/p>\n<h2>Comprendre les risques des UV<\/h2>\n<p>Les rayons <strong>UV<\/strong> se divisent en deux cat\u00e9gories principales : <strong>UVA<\/strong> et <strong>UVB<\/strong>. Les <strong>UVA<\/strong> p\u00e9n\u00e8trent profond\u00e9ment dans la <strong>peau<\/strong> et sont responsables du <strong>vieillissement cutan\u00e9<\/strong>, tandis que les <strong>UVB<\/strong> causent des <strong>br\u00fblures<\/strong>. Une exposition excessive \u00e0 ces rayons peut entra\u00eener divers probl\u00e8mes, tels que :<\/p>\n<ul>\n<li><strong>Br\u00fblures solaires<\/strong><\/li>\n<li><strong>Vieillissement pr\u00e9matur\u00e9<\/strong> de la <strong>peau<\/strong><\/li>\n<li><strong>Cancer de la peau<\/strong><\/li>\n<\/ul>\n<h2>Adopter une protection solaire efficace<\/h2>\n<p>Pour se pr\u00e9munir contre les effets nocifs des <strong>UV<\/strong>, l&#8217;utilisation d&#8217;une <strong>cr\u00e8me solaire<\/strong> est incontournable. Choisir un produit avec un <strong>indice de protection solaire<\/strong> (<strong>IPS<\/strong>) d&#8217;au moins <strong>30<\/strong> est conseill\u00e9. Voici quelques points \u00e0 consid\u00e9rer lors de l&#8217;application :<\/p>\n<ul>\n<li>Appliquer g\u00e9n\u00e9reusement la <strong>cr\u00e8me<\/strong> sur toutes les zones expos\u00e9es de la <strong>peau<\/strong>.<\/li>\n<li>Renouveler l&#8217;application toutes les <strong>deux heures<\/strong>, ou plus fr\u00e9quemment apr\u00e8s la <strong>baignade<\/strong> ou la <strong>transpiration<\/strong>.<\/li>\n<li>Ne pas oublier les zones sensibles comme le <strong>nez<\/strong>, les <strong>oreilles<\/strong> et le <strong>cuir chevelu<\/strong>.<\/li>\n<\/ul>\n<h2>Compl\u00e9ter la protection avec des v\u00eatements appropri\u00e9s<\/h2>\n<p>En plus de la <strong>cr\u00e8me solaire<\/strong>, porter des <strong>v\u00eatements protecteurs<\/strong> contribue \u00e0 r\u00e9duire l&#8217;exposition aux <strong>UV<\/strong>. Opter pour des <strong>v\u00eatements<\/strong> \u00e0 manches longues, des <strong>chapeaux<\/strong> \u00e0 larges bords et des <strong>lunettes de soleil<\/strong> avec protection <strong>UV<\/strong> est recommand\u00e9. Ces \u00e9l\u00e9ments permettent de cr\u00e9er une barri\u00e8re contre les rayons nocifs.<\/p>\n<h2>\u00c9viter les heures d&#8217;exposition maximale<\/h2>\n<p>Les heures entre <strong>10 h<\/strong> et <strong>16 h<\/strong> sont souvent les plus propices \u00e0 une forte intensit\u00e9 des rayons <strong>UV<\/strong>. Limiter les activit\u00e9s en ext\u00e9rieur durant ces p\u00e9riodes peut r\u00e9duire les risques. Privil\u00e9gier les <strong>matin\u00e9es<\/strong> ou les <strong>fins d&#8217;apr\u00e8s-midi<\/strong> pour profiter du <strong>soleil<\/strong> tout en minimisant l&#8217;exposition.<\/p>\n<p>Se pr\u00e9parer aux premiers rayons de <strong>soleil<\/strong> implique une vigilance constante et des choix \u00e9clair\u00e9s. Adopter ces mesures de <strong>protection<\/strong> et de <strong>pr\u00e9vention<\/strong> permet de profiter du beau temps en toute s\u00e9curit\u00e9.<\/p>\n\n\n<div class=\"kk-star-ratings kksr-auto kksr-align-center kksr-valign-bottom\"\n    data-payload='{&quot;align&quot;:&quot;center&quot;,&quot;id&quot;:&quot;655&quot;,&quot;slug&quot;:&quot;default&quot;,&quot;valign&quot;:&quot;bottom&quot;,&quot;ignore&quot;:&quot;&quot;,&quot;reference&quot;:&quot;auto&quot;,&quot;class&quot;:&quot;&quot;,&quot;count&quot;:&quot;0&quot;,&quot;legendonly&quot;:&quot;&quot;,&quot;readonly&quot;:&quot;&quot;,&quot;score&quot;:&quot;0&quot;,&quot;starsonly&quot;:&quot;&quot;,&quot;best&quot;:&quot;5&quot;,&quot;gap&quot;:&quot;5&quot;,&quot;greet&quot;:&quot;Notez la publication&quot;,&quot;legend&quot;:&quot;0\\\/5 - (0 vote)&quot;,&quot;size&quot;:&quot;24&quot;,&quot;title&quot;:&quot;Se pr\u00e9parer aux premiers rayons de soleil : protection et pr\u00e9vention des risques UV&quot;,&quot;width&quot;:&quot;0&quot;,&quot;_legend&quot;:&quot;{score}\\\/{best} - ({count} {votes})&quot;,&quot;font_factor&quot;:&quot;1.25&quot;}'>\n            \n<div class=\"kksr-stars\">\n    \n<div class=\"kksr-stars-inactive\">\n            <div class=\"kksr-star\" data-star=\"1\" style=\"padding-right: 5px\">\n            \n\n<div class=\"kksr-icon\" style=\"width: 24px; height: 24px;\"><\/div>\n        <\/div>\n            <div class=\"kksr-star\" data-star=\"2\" style=\"padding-right: 5px\">\n            \n\n<div class=\"kksr-icon\" style=\"width: 24px; height: 24px;\"><\/div>\n        <\/div>\n            <div class=\"kksr-star\" data-star=\"3\" style=\"padding-right: 5px\">\n            \n\n<div class=\"kksr-icon\" style=\"width: 24px; height: 24px;\"><\/div>\n        <\/div>\n            <div class=\"kksr-star\" data-star=\"4\" style=\"padding-right: 5px\">\n            \n\n<div class=\"kksr-icon\" style=\"width: 24px; height: 24px;\"><\/div>\n        <\/div>\n            <div class=\"kksr-star\" data-star=\"5\" style=\"padding-right: 5px\">\n            \n\n<div class=\"kksr-icon\" style=\"width: 24px; height: 24px;\"><\/div>\n        <\/div>\n    <\/div>\n    \n<div class=\"kksr-stars-active\" style=\"width: 0px;\">\n            <div class=\"kksr-star\" style=\"padding-right: 5px\">\n            \n\n<div class=\"kksr-icon\" style=\"width: 24px; height: 24px;\"><\/div>\n        <\/div>\n            <div class=\"kksr-star\" style=\"padding-right: 5px\">\n            \n\n<div class=\"kksr-icon\" style=\"width: 24px; height: 24px;\"><\/div>\n        <\/div>\n            <div class=\"kksr-star\" style=\"padding-right: 5px\">\n            \n\n<div class=\"kksr-icon\" style=\"width: 24px; height: 24px;\"><\/div>\n        <\/div>\n            <div class=\"kksr-star\" style=\"padding-right: 5px\">\n            \n\n<div class=\"kksr-icon\" style=\"width: 24px; height: 24px;\"><\/div>\n        <\/div>\n            <div class=\"kksr-star\" style=\"padding-right: 5px\">\n            \n\n<div class=\"kksr-icon\" style=\"width: 24px; height: 24px;\"><\/div>\n        <\/div>\n    <\/div>\n<\/div>\n                \n\n<div class=\"kksr-legend\" style=\"font-size: 19.2px;\">\n            <span class=\"kksr-muted\">Notez la publication<\/span>\n    <\/div>\n    <\/div>\n","protected":false},"excerpt":{"rendered":"<p>Avec l&#8217;arriv\u00e9e des premiers rayons de soleil, la n\u00e9cessit\u00e9 de se prot\u00e9ger contre les risques li\u00e9s aux UV devient primordiale. Les rayons ultraviolets peuvent avoir des effets n\u00e9fastes sur la &#8230;<\/p>\n","protected":false},"author":1,"featured_media":501,"comment_status":"open","ping_status":"open","sticky":false,"template":"","format":"standard","meta":{"footnotes":""},"categories":[561],"tags":[],"class_list":["post-655","post","type-post","status-publish","format-standard","has-post-thumbnail","hentry","category-prevention-et-immunite"],"aioseo_notices":[],"_links":{"self":[{"href":"https:\/\/www.doqi.fr\/blog\/wp-json\/wp\/v2\/posts\/655","targetHints":{"allow":["GET"]}}],"collection":[{"href":"https:\/\/www.doqi.fr\/blog\/wp-json\/wp\/v2\/posts"}],"about":[{"href":"https:\/\/www.doqi.fr\/blog\/wp-json\/wp\/v2\/types\/post"}],"author":[{"embeddable":true,"href":"https:\/\/www.doqi.fr\/blog\/wp-json\/wp\/v2\/users\/1"}],"replies":[{"embeddable":true,"href":"https:\/\/www.doqi.fr\/blog\/wp-json\/wp\/v2\/comments?post=655"}],"version-history":[{"count":0,"href":"https:\/\/www.doqi.fr\/blog\/wp-json\/wp\/v2\/posts\/655\/revisions"}],"wp:featuredmedia":[{"embeddable":true,"href":"https:\/\/www.doqi.fr\/blog\/wp-json\/wp\/v2\/media\/501"}],"wp:attachment":[{"href":"https:\/\/www.doqi.fr\/blog\/wp-json\/wp\/v2\/media?parent=655"}],"wp:term":[{"taxonomy":"category","embeddable":true,"href":"https:\/\/www.doqi.fr\/blog\/wp-json\/wp\/v2\/categories?post=655"},{"taxonomy":"post_tag","embeddable":true,"href":"https:\/\/www.doqi.fr\/blog\/wp-json\/wp\/v2\/tags?post=655"}],"curies":[{"name":"wp","href":"https:\/\/api.w.org\/{rel}","templated":true}]}}