{"id":1582,"date":"2026-08-31T10:34:19","date_gmt":"2026-08-31T08:34:19","guid":{"rendered":"https:\/\/www.doqi.fr\/blog\/?p=1582"},"modified":"2026-08-31T10:34:19","modified_gmt":"2026-08-31T08:34:19","slug":"deremboursements-2027-lunettes-dentaire-medicaments-transport","status":"publish","type":"post","link":"https:\/\/www.doqi.fr\/blog\/deremboursements-2027-lunettes-dentaire-medicaments-transport\/","title":{"rendered":"D\u00e9remboursements en 2027 : lunettes, dentaire, transport&#8230; ce qui va co\u00fbter plus cher"},"content":{"rendered":"<p>\u00c0 quelques semaines de l&#8217;ouverture des d\u00e9bats budg\u00e9taires, un tournant discret mais lourd de cons\u00e9quences se pr\u00e9pare pour les assur\u00e9s. Plusieurs m\u00e9dias, dont <a href=\"https:\/\/www.lefigaro.fr\/social\/medicaments-appareils-auditifs-soins-dentaires-ces-depenses-de-sante-bientot-moins-bien-remboursees-par-la-secu-20260826\" target=\"_blank\" rel=\"noopener noreferrer\">Le Figaro<\/a> et BFM, annoncent une s\u00e9rie de <strong>d\u00e9remboursements en 2027<\/strong>. Objectif affich\u00e9 : freiner le d\u00e9ficit de la <strong>S\u00e9curit\u00e9 sociale<\/strong> en op\u00e9rant un vaste <strong>transfert de charges<\/strong> vers les compl\u00e9mentaires sant\u00e9, et in fine vers les patients.<\/p>\n<h2>Un tour de vis pass\u00e9 presque inaper\u00e7u \u00e0 la fin de l&#8217;\u00e9t\u00e9<\/h2>\n<p>Le mouvement s&#8217;est amorc\u00e9 le 22 ao\u00fbt, lorsque le gouvernement a publi\u00e9 en une seule journ\u00e9e quatre d\u00e9crets pr\u00e9sent\u00e9s comme relatifs \u00e0 la \u00ab soutenabilit\u00e9 \u00bb du syst\u00e8me de sant\u00e9. Leur logique est simple : r\u00e9duire la part prise en charge par l&#8217;<strong>Assurance maladie<\/strong> sur toute une s\u00e9rie de soins, et laisser les <strong>compl\u00e9mentaires sant\u00e9<\/strong> \u2014 et donc les cotisants \u2014 combler la diff\u00e9rence.<\/p>\n<p>Le montant global de ce <strong>transfert de charges<\/strong> est estim\u00e9 \u00e0 plus de <strong>1,5 milliard d&#8217;euros<\/strong>. Une somme qui, m\u00e9caniquement, risque de peser sur le <strong>reste \u00e0 charge des patients<\/strong> et sur le prix des mutuelles.<\/p>\n<h2>Quels soins seront moins bien rembours\u00e9s en 2027 ?<\/h2>\n<p>Les baisses de prise en charge annonc\u00e9es touchent des postes du quotidien, souvent d\u00e9j\u00e0 consid\u00e9r\u00e9s comme mal couverts. Voici les principaux domaines concern\u00e9s :<\/p>\n<ul>\n<li><strong>Soins dentaires<\/strong> : les actes courants (d\u00e9tartrage, traitement de carie, radiographie) et les honoraires des chirurgiens-dentistes, aujourd&#8217;hui rembours\u00e9s \u00e0 60 % du tarif conventionn\u00e9, verraient leur prise en charge diminuer \u00e0 compter du 1er janvier 2027.<\/li>\n<li><strong>M\u00e9dicaments<\/strong> : la fin des \u00ab largesses \u00bb pour les traitements dont l&#8217;int\u00e9r\u00eat th\u00e9rapeutique est jug\u00e9 \u00ab mod\u00e9r\u00e9 \u00bb ou \u00ab faible \u00bb.<\/li>\n<li><strong>Lunettes et optique<\/strong> : un secteur historiquement peu rembours\u00e9 par la S\u00e9cu, o\u00f9 la charge repose d\u00e9j\u00e0 largement sur les mutuelles.<\/li>\n<li><strong>Proth\u00e8ses<\/strong> : dentaires et auditives, avec des <strong>appareils auditifs<\/strong> vis\u00e9s par la r\u00e9vision.<\/li>\n<li><strong>Transport sanitaire<\/strong> : ambulances, taxis conventionn\u00e9s et v\u00e9hicules sanitaires, dont la prise en charge serait revue \u00e0 la baisse.<\/li>\n<\/ul>\n<h3>Des postes d\u00e9j\u00e0 sensibles pour les m\u00e9nages<\/h3>\n<p>Comme le rappellent de nombreux lecteurs et observateurs, l&#8217;optique et le dentaire figurent depuis toujours parmi les d\u00e9penses les moins bien couvertes par la <strong>S\u00e9cu<\/strong>. Or ce sont aussi des soins essentiels : renoncer \u00e0 des lunettes adapt\u00e9es ou \u00e0 un traitement dentaire peut avoir des cons\u00e9quences directes sur la vie quotidienne et la sant\u00e9 globale.<\/p>\n<h2>Le plafond des franchises m\u00e9dicales relev\u00e9 \u00e0 140 euros<\/h2>\n<p>En parall\u00e8le, le gouvernement souhaite relever par d\u00e9cret le <strong>plafond annuel des franchises m\u00e9dicales<\/strong> \u00e0 <strong>140 euros<\/strong>. Ces franchises sont les petites sommes non rembours\u00e9es pr\u00e9lev\u00e9es sur les bo\u00eetes de m\u00e9dicaments, les consultations param\u00e9dicales ou les transports sanitaires.<\/p>\n<p>L&#8217;ex\u00e9cutif a finalement renonc\u00e9 \u00e0 doubler ce plafond, mais son rel\u00e8vement repr\u00e9sente tout de m\u00eame un co\u00fbt suppl\u00e9mentaire pour les assur\u00e9s les plus consommateurs de soins, notamment les malades chroniques.<\/p>\n<h2>Quelles implications concr\u00e8tes pour votre budget sant\u00e9 ?<\/h2>\n<p>Ces annonces dessinent une redistribution progressive du financement de la sant\u00e9. Concr\u00e8tement, plusieurs effets sont \u00e0 anticiper :<\/p>\n<ul>\n<li>Une possible <strong>hausse des cotisations de mutuelle<\/strong>, les compl\u00e9mentaires r\u00e9percutant les nouvelles charges qui leur sont transf\u00e9r\u00e9es.<\/li>\n<li>Un <strong>reste \u00e0 charge<\/strong> plus \u00e9lev\u00e9 pour les personnes sans compl\u00e9mentaire, ou disposant d&#8217;un contrat aux garanties limit\u00e9es.<\/li>\n<li>Un risque accru de <strong>renoncement aux soins<\/strong>, en particulier pour le dentaire, l&#8217;optique et l&#8217;audioproth\u00e8se.<\/li>\n<li>Une attention particuli\u00e8re \u00e0 porter aux <strong>b\u00e9n\u00e9ficiaires de la compl\u00e9mentaire sant\u00e9 solidaire<\/strong>, dont le dispositif est \u00e9galement scrut\u00e9.<\/li>\n<\/ul>\n<h3>Comment s&#8217;y pr\u00e9parer ?<\/h3>\n<p>En attendant l&#8217;entr\u00e9e en vigueur des mesures et la finalisation du budget de la <strong>S\u00e9curit\u00e9 sociale<\/strong>, quelques r\u00e9flexes peuvent limiter la casse :<\/p>\n<ul>\n<li>V\u00e9rifier le niveau de garanties de sa <strong>compl\u00e9mentaire sant\u00e9<\/strong>, notamment sur le dentaire, l&#8217;optique et l&#8217;audition.<\/li>\n<li>Anticiper certains soins importants avant les \u00e9ch\u00e9ances de 2027 lorsque c&#8217;est possible m\u00e9dicalement.<\/li>\n<li>Comparer les devis, en particulier pour les proth\u00e8ses et les \u00e9quipements optiques.<\/li>\n<li>Se renseigner sur les dispositifs comme le \u00ab 100 % sant\u00e9 \u00bb, qui encadre certains paniers de soins.<\/li>\n<\/ul>\n<h2>Une \u00e9quation budg\u00e9taire sous tension<\/h2>\n<p>Derri\u00e8re ces d\u00e9crets se joue un arbitrage d\u00e9licat entre la ma\u00eetrise du <strong>d\u00e9ficit de l&#8217;Assurance maladie<\/strong> et la pr\u00e9servation de l&#8217;acc\u00e8s aux soins. Le d\u00e9bat s&#8217;annonce vif \u00e0 l&#8217;approche des discussions sur le budget de la S\u00e9cu, o\u00f9 les <strong>arr\u00eats maladie<\/strong> et d&#8217;autres postes d&#8217;\u00e9conomies figureront \u00e9galement au menu.<\/p>\n<p>Pour les assur\u00e9s, le mot d&#8217;ordre est clair : rester inform\u00e9 et anticiper. Les <strong>d\u00e9remboursements de 2027<\/strong> ne sont pas encore tous grav\u00e9s dans le marbre, mais la tendance de fond \u2014 un poids croissant sur les compl\u00e9mentaires et sur le <strong>reste \u00e0 charge<\/strong> \u2014 semble bel et bien engag\u00e9e.<\/p>\n\n\n<div class=\"kk-star-ratings kksr-auto kksr-align-center kksr-valign-bottom\"\n    data-payload='{&quot;align&quot;:&quot;center&quot;,&quot;id&quot;:&quot;1582&quot;,&quot;slug&quot;:&quot;default&quot;,&quot;valign&quot;:&quot;bottom&quot;,&quot;ignore&quot;:&quot;&quot;,&quot;reference&quot;:&quot;auto&quot;,&quot;class&quot;:&quot;&quot;,&quot;count&quot;:&quot;0&quot;,&quot;legendonly&quot;:&quot;&quot;,&quot;readonly&quot;:&quot;&quot;,&quot;score&quot;:&quot;0&quot;,&quot;starsonly&quot;:&quot;&quot;,&quot;best&quot;:&quot;5&quot;,&quot;gap&quot;:&quot;5&quot;,&quot;greet&quot;:&quot;Notez la publication&quot;,&quot;legend&quot;:&quot;0\\\/5 - (0 vote)&quot;,&quot;size&quot;:&quot;24&quot;,&quot;title&quot;:&quot;D\u00e9remboursements en 2027 : lunettes, dentaire, transport... ce qui va co\u00fbter plus cher&quot;,&quot;width&quot;:&quot;0&quot;,&quot;_legend&quot;:&quot;{score}\\\/{best} - ({count} {votes})&quot;,&quot;font_factor&quot;:&quot;1.25&quot;}'>\n            \n<div class=\"kksr-stars\">\n    \n<div class=\"kksr-stars-inactive\">\n            <div class=\"kksr-star\" data-star=\"1\" style=\"padding-right: 5px\">\n            \n\n<div class=\"kksr-icon\" style=\"width: 24px; height: 24px;\"><\/div>\n        <\/div>\n            <div class=\"kksr-star\" data-star=\"2\" style=\"padding-right: 5px\">\n            \n\n<div class=\"kksr-icon\" style=\"width: 24px; height: 24px;\"><\/div>\n        <\/div>\n            <div class=\"kksr-star\" data-star=\"3\" style=\"padding-right: 5px\">\n            \n\n<div class=\"kksr-icon\" style=\"width: 24px; height: 24px;\"><\/div>\n        <\/div>\n            <div class=\"kksr-star\" data-star=\"4\" style=\"padding-right: 5px\">\n            \n\n<div class=\"kksr-icon\" style=\"width: 24px; height: 24px;\"><\/div>\n        <\/div>\n            <div class=\"kksr-star\" data-star=\"5\" style=\"padding-right: 5px\">\n            \n\n<div class=\"kksr-icon\" style=\"width: 24px; height: 24px;\"><\/div>\n        <\/div>\n    <\/div>\n    \n<div class=\"kksr-stars-active\" style=\"width: 0px;\">\n            <div class=\"kksr-star\" style=\"padding-right: 5px\">\n            \n\n<div class=\"kksr-icon\" style=\"width: 24px; height: 24px;\"><\/div>\n        <\/div>\n            <div class=\"kksr-star\" style=\"padding-right: 5px\">\n            \n\n<div class=\"kksr-icon\" style=\"width: 24px; height: 24px;\"><\/div>\n        <\/div>\n            <div class=\"kksr-star\" style=\"padding-right: 5px\">\n            \n\n<div class=\"kksr-icon\" style=\"width: 24px; height: 24px;\"><\/div>\n        <\/div>\n            <div class=\"kksr-star\" style=\"padding-right: 5px\">\n            \n\n<div class=\"kksr-icon\" style=\"width: 24px; height: 24px;\"><\/div>\n        <\/div>\n            <div class=\"kksr-star\" style=\"padding-right: 5px\">\n            \n\n<div class=\"kksr-icon\" style=\"width: 24px; height: 24px;\"><\/div>\n        <\/div>\n    <\/div>\n<\/div>\n                \n\n<div class=\"kksr-legend\" style=\"font-size: 19.2px;\">\n            <span class=\"kksr-muted\">Notez la publication<\/span>\n    <\/div>\n    <\/div>\n","protected":false},"excerpt":{"rendered":"<p>D\u00e9remboursements en 2027 : lunettes, proth\u00e8ses, m\u00e9dicaments, soins dentaires et transport sanitaire moins pris en charge par la S\u00e9cu. Voici l&#8217;impact sur votre reste \u00e0 charge.<\/p>\n","protected":false},"author":1,"featured_media":1581,"comment_status":"closed","ping_status":"open","sticky":false,"template":"","format":"standard","meta":{"footnotes":""},"categories":[1],"tags":[],"class_list":["post-1582","post","type-post","status-publish","format-standard","has-post-thumbnail","hentry","category-non-classe"],"aioseo_notices":[],"_links":{"self":[{"href":"https:\/\/www.doqi.fr\/blog\/wp-json\/wp\/v2\/posts\/1582","targetHints":{"allow":["GET"]}}],"collection":[{"href":"https:\/\/www.doqi.fr\/blog\/wp-json\/wp\/v2\/posts"}],"about":[{"href":"https:\/\/www.doqi.fr\/blog\/wp-json\/wp\/v2\/types\/post"}],"author":[{"embeddable":true,"href":"https:\/\/www.doqi.fr\/blog\/wp-json\/wp\/v2\/users\/1"}],"replies":[{"embeddable":true,"href":"https:\/\/www.doqi.fr\/blog\/wp-json\/wp\/v2\/comments?post=1582"}],"version-history":[{"count":1,"href":"https:\/\/www.doqi.fr\/blog\/wp-json\/wp\/v2\/posts\/1582\/revisions"}],"predecessor-version":[{"id":1583,"href":"https:\/\/www.doqi.fr\/blog\/wp-json\/wp\/v2\/posts\/1582\/revisions\/1583"}],"wp:featuredmedia":[{"embeddable":true,"href":"https:\/\/www.doqi.fr\/blog\/wp-json\/wp\/v2\/media\/1581"}],"wp:attachment":[{"href":"https:\/\/www.doqi.fr\/blog\/wp-json\/wp\/v2\/media?parent=1582"}],"wp:term":[{"taxonomy":"category","embeddable":true,"href":"https:\/\/www.doqi.fr\/blog\/wp-json\/wp\/v2\/categories?post=1582"},{"taxonomy":"post_tag","embeddable":true,"href":"https:\/\/www.doqi.fr\/blog\/wp-json\/wp\/v2\/tags?post=1582"}],"curies":[{"name":"wp","href":"https:\/\/api.w.org\/{rel}","templated":true}]}}